{"id":2523,"date":"2024-11-28T16:27:46","date_gmt":"2024-11-28T15:27:46","guid":{"rendered":"https:\/\/pulsarproperties.es\/?p=2523"},"modified":"2024-11-28T16:27:49","modified_gmt":"2024-11-28T15:27:49","slug":"presentamos-la-transformacion-socio-sostenible-del-territorio-en-tortola-de-henares-en-la-feria-logistics-industrial-build","status":"publish","type":"post","link":"https:\/\/pulsarproperties.es\/en\/presentamos-la-transformacion-socio-sostenible-del-territorio-en-tortola-de-henares-en-la-feria-logistics-industrial-build\/","title":{"rendered":"Presentamos la Transformaci\u00f3n Socio Sostenible del Territorio en T\u00f3rtola de Henares  en la feria Logistics &#038; Industrial Build"},"content":{"rendered":"<p>En Pulsar Properties siempre nos hemos caracterizado por hacer las cosas de una manera diferente, y todos los asistentes a la presentaci\u00f3n de nuestro <a href=\"https:\/\/pulsarproperties.es\/en\/portfolio-de-infraestructuras-logisticas-pulsar-properties\/pulsar-logistics-park-tortola\/\">Proyecto de Transformaci\u00f3n Socio Sostenible del Territorio de Tortola de Henares<\/a> en <a href=\"https:\/\/www.ifema.es\/logistic-industrial-build-madrid\">Logistic &amp; Industrial Build<\/a> Spain en IFEMA pudieron comprobarlo de primera mano.<\/p>\n\n\n\n<p>Cuando vas a una feria de negocios, lo \u00faltimo que esperas es encontrar una empresa que presenta sus productos o servicios acompa\u00f1ado por un mu\u00f1eco de trapo dirigido por un marionetista. Sin duda esto fue lo primero que impact\u00f3 a los asistentes a la charla. <\/p>\n\n\n\n<p>Cuando descubrieron que adem\u00e1s, Pulsar Properties ha desarrollado una campa\u00f1a de divulgaci\u00f3n del concepto de la <a href=\"https:\/\/pulsarproperties.es\/en\/socio-sostenibilidad\/\">Socio Sostenibilidad<\/a> por diferentes centros escolares y formativos de la provincia de Guadalajara, en colaboraci\u00f3n con el programa de televisi\u00f3n infantil de divulgaci\u00f3n del cuidado del medio ambiente y nominado a los primeros IRIS de la televisi\u00f3n por segundo a\u00f1o consecutivo <a href=\"https:\/\/www.cmmedia.es\/tv\/equipo-planeta\">Equipo Planeta<\/a> y que adem\u00e1s recientemente han recibido el premio como mejor proyecto sostenible por la <a href=\"https:\/\/www.ceoeguadalajara.es\/premios\/premios-2024\">CEOE Cepyme de Guadalajara<\/a>, los asistentes cambiaron completamente su visi\u00f3n de aquella presentaci\u00f3n y entendieron lo que para Pulsar Properties significa <em>\u00ab<strong>hacer las cosas de una manera diferente<\/strong>\u00bb <\/em>.<\/p>\n\n\n\n<p>La charla fue emocionante, entretenida, interesante y divertida, de la mano de la  mu\u00f1eca de trapo Ren\u00e9e, <a href=\"https:\/\/www.ariellois.com\/\">Ariel Lois<\/a> y todos los miembros de <a href=\"https:\/\/www.cmmedia.es\/tv\/equipo-planeta\">Equipo Planeta<\/a> junto con Encarna M\u00e1rquez Directora de Operaciones de la compa\u00f1\u00eda.<\/p>\n\n\n\n<figure class=\"wp-block-image size-full\"><img loading=\"lazy\" decoding=\"async\" width=\"2560\" height=\"1671\" src=\"https:\/\/pulsarproperties.es\/wp-content\/uploads\/Rene-scaled.jpg\" alt=\"\" class=\"wp-image-2525\" srcset=\"https:\/\/pulsarproperties.es\/wp-content\/uploads\/Rene-scaled.jpg 2560w, https:\/\/pulsarproperties.es\/wp-content\/uploads\/Rene-1280x836.jpg 1280w, https:\/\/pulsarproperties.es\/wp-content\/uploads\/Rene-980x640.jpg 980w, https:\/\/pulsarproperties.es\/wp-content\/uploads\/Rene-480x313.jpg 480w\" sizes=\"auto, (min-width: 0px) and (max-width: 480px) 480px, (min-width: 481px) and (max-width: 980px) 980px, (min-width: 981px) and (max-width: 1280px) 1280px, (min-width: 1281px) 2560px, 100vw\" \/><\/figure>\n\n\n\n<p>Explicamos c\u00f3mo nuestros proyectos persiguen la creaci\u00f3n de una nueva relaci\u00f3n entre el ser humano y el entorno natural, de tal forma que las sociedades puedan seguir desarroll\u00e1ndose pero siempre en equilibrio con el medio ambiente. De esta forma y bajo esta filosof\u00eda es como llevamos trabajando desde hace m\u00e1s de 30 a\u00f1os en muchos municipios del corredor del Henares como Azuqueca, Fontanar, Cabanillas, etc contribuyendo a que estos municipios incrementen enormemente su poblaci\u00f3n, sus servicios y la calidad de vida de sus habitantes. <\/p>\n\n\n\n<figure class=\"wp-block-gallery has-nested-images columns-default is-cropped wp-block-gallery-1 is-layout-flex wp-block-gallery-is-layout-flex\">\n<figure class=\"wp-block-image size-large\"><img loading=\"lazy\" decoding=\"async\" width=\"1920\" height=\"1044\" data-id=\"2526\" src=\"https:\/\/pulsarproperties.es\/wp-content\/uploads\/sala-1920x1044.jpg\" alt=\"\" class=\"wp-image-2526\" srcset=\"https:\/\/pulsarproperties.es\/wp-content\/uploads\/sala-1920x1044.jpg 1920w, https:\/\/pulsarproperties.es\/wp-content\/uploads\/sala-1280x697.jpg 1280w, https:\/\/pulsarproperties.es\/wp-content\/uploads\/sala-980x533.jpg 980w, https:\/\/pulsarproperties.es\/wp-content\/uploads\/sala-480x261.jpg 480w\" sizes=\"auto, (min-width: 0px) and (max-width: 480px) 480px, (min-width: 481px) and (max-width: 980px) 980px, (min-width: 981px) and (max-width: 1280px) 1280px, (min-width: 1281px) 1920px, 100vw\" \/><\/figure>\n\n\n\n<figure class=\"wp-block-image size-large\"><img loading=\"lazy\" decoding=\"async\" width=\"1920\" height=\"1201\" data-id=\"2527\" src=\"https:\/\/pulsarproperties.es\/wp-content\/uploads\/Jose-Luis-escudero-1920x1201.jpg\" alt=\"\" class=\"wp-image-2527\" srcset=\"https:\/\/pulsarproperties.es\/wp-content\/uploads\/Jose-Luis-escudero-1920x1201.jpg 1920w, https:\/\/pulsarproperties.es\/wp-content\/uploads\/Jose-Luis-escudero-1280x801.jpg 1280w, https:\/\/pulsarproperties.es\/wp-content\/uploads\/Jose-Luis-escudero-980x613.jpg 980w, https:\/\/pulsarproperties.es\/wp-content\/uploads\/Jose-Luis-escudero-480x300.jpg 480w\" sizes=\"auto, (min-width: 0px) and (max-width: 480px) 480px, (min-width: 481px) and (max-width: 980px) 980px, (min-width: 981px) and (max-width: 1280px) 1280px, (min-width: 1281px) 1920px, 100vw\" \/><\/figure>\n\n\n\n<figure class=\"wp-block-image size-large\"><img loading=\"lazy\" decoding=\"async\" width=\"1920\" height=\"1399\" data-id=\"2529\" src=\"https:\/\/pulsarproperties.es\/wp-content\/uploads\/Alcalde-de-tortola-1-1920x1399.jpg\" alt=\"\" class=\"wp-image-2529\" srcset=\"https:\/\/pulsarproperties.es\/wp-content\/uploads\/Alcalde-de-tortola-1-1920x1399.jpg 1920w, https:\/\/pulsarproperties.es\/wp-content\/uploads\/Alcalde-de-tortola-1-1280x933.jpg 1280w, https:\/\/pulsarproperties.es\/wp-content\/uploads\/Alcalde-de-tortola-1-980x714.jpg 980w, https:\/\/pulsarproperties.es\/wp-content\/uploads\/Alcalde-de-tortola-1-480x350.jpg 480w\" sizes=\"auto, (min-width: 0px) and (max-width: 480px) 480px, (min-width: 481px) and (max-width: 980px) 980px, (min-width: 981px) and (max-width: 1280px) 1280px, (min-width: 1281px) 1920px, 100vw\" \/><\/figure>\n<\/figure>\n\n\n\n<p>Gracias a <a href=\"https:\/\/www.156producciones.com\/\">156 Producciones SL<\/a> por ayudarnos a difundir nuestro mensaje de una forma tan original y gracias Jos\u00e9 Luis Escudero, Delegado Provincial de la Junta de Comunidades de Castilla-La Mancha en Guadalajara y a Mart\u00edn Vicente, Alcalde de T\u00f3rtola de Henares por sus amables palabras y su apoyo incondicional sin su colaboraci\u00f3n ser\u00eda imposible llevar a cabo nuestros proyectos.<\/p>","protected":false},"excerpt":{"rendered":"<p>Presentamos el proyecto de transformaci\u00f3n Socio Sostenible del territorio en Tortola de Henares &#8211; en la Feria Logistics &#038; Industrial Build<\/p>","protected":false},"author":2,"featured_media":2525,"comment_status":"closed","ping_status":"open","sticky":false,"template":"","format":"standard","meta":{"_et_pb_use_builder":"off","_et_pb_old_content":"<!-- wp:paragraph -->\n<p>Jos\u00e9 Mar\u00eda Ala\u00f1a, Consejero Delegado de la compa\u00f1\u00eda, agradece la entrega de este premio tan importante, que pone en valor el trabajo realizado durante muchos a\u00f1os en la provincia de Guadalajara, haciendo extensivo este agradecimiento a todas aquellas personas que han hecho posible que hayan podido realizar sus proyectos; profesionales de la compa\u00f1\u00eda, accionistas, inversores, clientes y proveedores, administraciones p\u00fablicas, agentes sociales, organizaciones etc. Sin la colaboraci\u00f3n de todos ellos, su idea se habr\u00eda quedado solo en eso, y no habr\u00eda podido llegar a materializarse.<\/p>\n<!-- \/wp:paragraph -->\n\n<!-- wp:gallery {\"linkTo\":\"none\",\"sizeSlug\":\"medium\"} -->\n<figure class=\"wp-block-gallery has-nested-images columns-default is-cropped\"><!-- wp:image {\"lightbox\":{\"enabled\":true},\"id\":2477,\"sizeSlug\":\"large\",\"linkDestination\":\"none\"} -->\n<figure class=\"wp-block-image size-large\"><img src=\"https:\/\/pulsarproperties.es\/wp-content\/uploads\/Premiados-CEOE-CEPYME-24-1418x1920.jpg\" alt=\"\" class=\"wp-image-2477\"\/><\/figure>\n<!-- \/wp:image --><\/figure>\n<!-- \/wp:gallery -->\n\n<!-- wp:paragraph -->\n<p><strong><em> \u00bfCu\u00e1l es la visi\u00f3n de la compa\u00f1\u00eda?<\/em><\/strong><\/p>\n<!-- \/wp:paragraph -->\n\n<!-- wp:paragraph -->\n<p><em>\u201cEntendemos que las sociedades deben seguir desarroll\u00e1ndose y evolucionar sin olvidar la necesidad de hacerlo en equilibrio con el medio ambiente, cuidando las especies aut\u00f3ctonas, la flora y fauna local y el entorno medio ambiental existente. Entendemos que el ser humano forma parte del ecosistema de nuestro planeta y como tal debemos respetarlo y cuidarlo.<\/em><\/p>\n<!-- \/wp:paragraph -->\n\n<!-- wp:paragraph -->\n<p><em>Trabajamos para que las personas puedan vivir la vida con la que sue\u00f1an, creando espacios empresariales y residenciales que respeten el medio ambiente, combinando: progreso, calidad de vida y sostenibilidad con todos los servicios necesarios, la \u00faltima tecnolog\u00eda, el m\u00e1ximo confort y la mayor eficiencia energ\u00e9tica posible.<\/em><\/p>\n<!-- \/wp:paragraph -->\n\n<!-- wp:gallery {\"linkTo\":\"none\",\"sizeSlug\":\"full\"} -->\n<figure class=\"wp-block-gallery has-nested-images columns-default is-cropped\"><!-- wp:image {\"id\":2478,\"sizeSlug\":\"large\",\"linkDestination\":\"none\"} -->\n<figure class=\"wp-block-image size-large\"><img src=\"https:\/\/pulsarproperties.es\/wp-content\/uploads\/Jose-Maria-Alana-1920x1281.jpg\" alt=\"Jos\u00e9 Mar\u00eda Ala\u00f1a Arrinda, Consejero Delegado de Pulsar Properties\" class=\"wp-image-2478\"\/><\/figure>\n<!-- \/wp:image --><\/figure>\n<!-- \/wp:gallery -->\n\n<!-- wp:paragraph -->\n<p><em>Para nosotros, la Socio Sostenibilidad, consiste en un nuevo modelo de relaci\u00f3n del ser humano con la naturaleza y el medio ambiente, creando espacios donde las sociedades puedan seguir avanzando socialmente en equilibrio constante, fomentando as\u00ed el crecimiento de los pueblos.<\/em><\/p>\n<!-- \/wp:paragraph -->\n\n<!-- wp:paragraph -->\n<p><strong><em>\u00bfEn qu\u00e9 consiste el proyecto: Impulsando la Transformaci\u00f3n Socio Sostenible del territorio?<\/em><\/strong><\/p>\n<!-- \/wp:paragraph -->\n\n<!-- wp:paragraph -->\n<p><em>\u201cCombinamos la creaci\u00f3n de nuevos desarrollos en poblaciones existentes, junto con la implantaci\u00f3n de espacios para el desempe\u00f1o profesional.<\/em><\/p>\n<!-- \/wp:paragraph -->\n\n<!-- wp:paragraph -->\n<p><em>La creaci\u00f3n de nuevos centros empresariales con la instalaci\u00f3n de nuevas empresas es el primer paso para la instalaci\u00f3n y fijaci\u00f3n de poblaci\u00f3n y la lucha contra la despoblaci\u00f3n. Los nuevos habitantes demandan nuevos equipamientos y servicios y con ello la instalaci\u00f3n de nuevas actividades, as\u00ed se crea lo que llamamos el <strong>ciclo de la Socio Sostenibilidad.\u201d<\/strong><\/em><\/p>\n<!-- \/wp:paragraph -->\n\n<!-- wp:paragraph -->\n<p><em>Los profesionales de la compa\u00f1\u00eda llevamos m\u00e1s de 25 a\u00f1os desarrollando proyectos en muchos municipios del Corredor del Henares de la provincia de Guadalajara como; Torija, Fontanar, Cabanillas, Azuqueca, Alovera etc, haciendo que estas poblaciones hayan crecido exponencialmente gracias a la implantaci\u00f3n de nuevas empresas.<\/em><\/p>\n<!-- \/wp:paragraph -->\n\n<!-- wp:paragraph -->\n<p><strong><em>\u00bfC\u00f3mo ha sido la campa\u00f1a de divulgaci\u00f3n del proyecto?<\/em><\/strong><em><\/em><\/p>\n<!-- \/wp:paragraph -->\n\n<!-- wp:paragraph -->\n<p><em>Dentro de las actividades que llevamos a cabo, en esta ocasi\u00f3n el premio como mejor proyecto de Desarrollo Sostenible lo hemos recibido por la campa\u00f1a <strong>de divulgaci\u00f3n del concepto; Socio Sostenibilidad, <\/strong>junto con el programa infantil<strong> Equipo Planeta <\/strong>de Castilla La Mancha Media y en coordinaci\u00f3n con<strong> la Junta de Comunidades de Castilla la Mancha<\/strong>.<\/em><\/p>\n<!-- \/wp:paragraph -->\n\n<!-- wp:paragraph -->\n<p><em>Esta iniciativa surge del inter\u00e9s de la compa\u00f1\u00eda por trasladar el mensaje de la Socio Sostenibilidad a toda la poblaci\u00f3n, empezando por los m\u00e1s j\u00f3venes.<\/em><\/p>\n<!-- \/wp:paragraph -->\n\n<!-- wp:paragraph -->\n<p><em>El proyecto ha consistido en la producci\u00f3n de un video-documental protagonizado por personajes reales y de trapo que realizan un viaje por la provincia de Guadalajara descubriendo c\u00f3mo la integraci\u00f3n social del ser humano y su relaci\u00f3n con el entorno natural son una realidad en muchos de nuestros municipios.<\/em><\/p>\n<!-- \/wp:paragraph -->\n\n<!-- wp:paragraph -->\n<p><em>Este video\/documental se est\u00e1 divulgando a trav\u00e9s de charlas informativas y talleres en centros escolares y educativos, asociaciones de desarrollo rural, ayuntamientos, y centros ocupacionales de la provincia de Guadalajara, adem\u00e1s de la difusi\u00f3n en internet, prensa y redes sociales de la compa\u00f1\u00eda. En la actualidad ya hemos impartido charlas en Torija, T\u00f3rtola de Henares, Guadalajara y Humanes, teniendo una gran acogida tanto por los ni\u00f1os como por los equipos docentes.<\/em><\/p>\n<!-- \/wp:paragraph -->\n\n<!-- wp:paragraph -->\n<p><em>En estos encuentros los ni\u00f1os aprenden la importancia de cuidar el medio ambiente, de reciclar, de crear una econom\u00eda colaborativa, consumiendo productos de proximidad y en general aprenden que nuestras acciones tienen un impacto en el entorno y que por tanto debemos cuidarlo y protegerlo, que los recursos son limitados y que crear un mundo mejor est\u00e1 en nuestras manos. Asimismo, aprenden que los centros empresariales son necesarios para el desarrollo de las sociedades y que siempre hay que crecer y desarrollar los pueblos en armon\u00eda con el medio ambiente.<\/em><\/p>\n<!-- \/wp:paragraph -->\n\n<!-- wp:image {\"id\":2479,\"aspectRatio\":\"16\/9\",\"scale\":\"cover\",\"sizeSlug\":\"full\",\"linkDestination\":\"none\"} -->\n<figure class=\"wp-block-image size-full\"><img src=\"https:\/\/pulsarproperties.es\/wp-content\/uploads\/Encuentro-con-estudiantes.jpg\" alt=\"\" class=\"wp-image-2479\" style=\"aspect-ratio:16\/9;object-fit:cover\"\/><\/figure>\n<!-- \/wp:image -->\n\n<!-- wp:paragraph -->\n<p><em>De izquierda a derecha, Jos\u00e9 Luis Escudero, (Delegado Provincial de la Junta de Comunidades de Castilla-La Mancha en Guadalajara), Juan Antonio Carrera, (Equipo Planeta), Encarna M\u00e1rquez, (Directora de Operaciones de Pulsar Properties), Ariel Lois (Equipo Planeta) y Giuseppe Lonis (PMP de Regusa) tras uno de los espect\u00e1culos para centros escolares en la provincia de Guadalajara.<\/em><\/p>\n<!-- \/wp:paragraph -->\n\n<!-- wp:paragraph -->\n<p><strong>\u00bfC\u00f3mo surge la idea de desarrollar esta iniciativa?<\/strong><\/p>\n<!-- \/wp:paragraph -->\n\n<!-- wp:paragraph -->\n<p><em>\u201cLlevamos tiempo intentando transmitir nuestra visi\u00f3n y filosof\u00eda de empresa a la sociedad en general y cuando conocimos a los miembros de Equipo Planeta entendimos que este tipo de formato se pod\u00eda adecuar perfectamente para trasladar nuestro mensaje.<\/em><\/p>\n<!-- \/wp:paragraph -->\n\n<!-- wp:paragraph -->\n<p><em>En Pulsar Properties estamos muy implicados con el desarrollo del territorio, con la creaci\u00f3n de un entorno cada vez m\u00e1s sostenible, ecol\u00f3gico y medioambiental saludable y queremos hacer part\u00edcipe de nuestra visi\u00f3n a toda la sociedad.<\/em><\/p>\n<!-- \/wp:paragraph -->\n\n<!-- wp:paragraph -->\n<p><em>Trabajar con \u201cEquipo Planeta\u201d (nominados a los premios IRIS de la academia de la televisi\u00f3n como mejor programa infantil en 2024) ha sido un lujo para nosotros, tanto Ariel Lois como Javier Curtido han implicado a todo su equipo al 100% realizando un trabajo excepcional, y sin su colaboraci\u00f3n habr\u00eda sido imposible desarrollar la campa\u00f1a.<\/em><\/p>\n<!-- \/wp:paragraph -->\n\n<!-- wp:paragraph -->\n<p><strong>\u00bfC\u00f3mo contagian su visi\u00f3n al resto de colectivos sociales?<\/strong><\/p>\n<!-- \/wp:paragraph -->\n\n<!-- wp:paragraph -->\n<p><em>\u201cPara llevar a buen t\u00e9rmino nuestros proyectos, necesitamos ir acompa\u00f1ados en nuestro camino, ya que entendemos nuestra actividad con una visi\u00f3n colaborativa. Siempre hemos pensado que; \u201cS\u00f3lo llegas antes, pero acompa\u00f1ado llegas m\u00e1s lejos\u201d.<\/em><\/p>\n<!-- \/wp:paragraph -->\n\n<!-- wp:paragraph -->\n<p><em>Sabemos que debemos ser el impulso que mueva la colaboraci\u00f3n con muchos colectivos implicados, siendo el motor que promueva el desarrollo y transformaci\u00f3n de nuevos entornos Socio Sostenibles y que sirva de motivaci\u00f3n para que empresas, emprendedores, proveedores, inversores, administraci\u00f3n p\u00fabica, p\u00fabico en general etc, se sumen a nuestros proyectos y sean un \u00e9xito.\u201d<\/em><\/p>\n<!-- \/wp:paragraph -->\n\n<!-- wp:paragraph -->\n<p><strong>\u00bfCu\u00e1l es el proyecto m\u00e1s destacado en el que est\u00e1n trabajando en la actualidad?<\/strong><\/p>\n<!-- \/wp:paragraph -->\n\n<!-- wp:paragraph -->\n<p><em>\u201cEstamos desarrollando un nuevo proyecto de transformaci\u00f3n del territorio en la localidad de T\u00f3rtola de Henares (Guadalajara), llamado <strong>Pulsar Logistics Park T\u00f3rtola.<\/strong><\/em><\/p>\n<!-- \/wp:paragraph -->\n\n<!-- wp:paragraph -->\n<p><em>El objetivo es crear un nuevo centro log\u00edstico e industrial que permita la implantaci\u00f3n de nuevas iniciativas empresariales y que genere las circunstancias apropiadas para que el municipio de T\u00f3rtola y muchos a su alrededor, puedan crecer y ofrecer las posibilidades para que nueva poblaci\u00f3n pueda instalarse en ellos.<\/em><\/p>\n<!-- \/wp:paragraph -->\n\n<!-- wp:paragraph -->\n<p><em>El centro albergar\u00e1 una gran cantidad de empresas y puestos de trabajo. Cuenta con una ubicaci\u00f3n privilegiada a tan solo 3 minutos de la autopista R2 y la Autov\u00eda A2, a 5 minutos de la ciudad de Guadalajara y a 40 del aeropuerto de Madrid Bajaras.<\/em><\/p>\n<!-- \/wp:paragraph -->\n\n<!-- wp:paragraph -->\n<p><em>Est\u00e1 dise\u00f1ado para dar cabida a las actuales demandas del mercado con la \u00faltima tecnolog\u00eda y adaptado a las necesidades de las compa\u00f1\u00edas y se encuentra en la fase final de urbanizaci\u00f3n, por lo que pronto empezar\u00e1n a instalarse las primeras empresas.<\/em><\/p>\n<!-- \/wp:paragraph -->\n\n<!-- wp:paragraph -->\n<p><em>En el desarrollo de esta nueva infraestructura, el municipio de T\u00f3rtola de Henares no s\u00f3lo se beneficiar\u00e1 de todas las nuevas oportunidades que crear\u00e1n las nuevas empresas que se instalen, sino que ser\u00e1 el primer parque empresarial de la carretera CM-1003 abriendo camino a la lucha contra la despoblaci\u00f3n que afecta a los m\u00e1s de 130 municipios que est\u00e1n en torno al mismo.<\/em><\/p>\n<!-- \/wp:paragraph -->\n\n<!-- wp:paragraph -->\n<p><em>Contribuimos positivamente a que se mejoren muchas de las instalaciones del municipio de T\u00f3rtola de Henares, como por ejemplo con la creaci\u00f3n de una estaci\u00f3n de depuraci\u00f3n de aguas residuales, o la instalaci\u00f3n del mallado de la red el\u00e9ctrica existente que mejorar\u00e1 la seguridad y el servicio que presta la instalaci\u00f3n al municipio.<\/em><\/p>\n<!-- \/wp:paragraph -->\n\n<!-- wp:image {\"id\":2480,\"sizeSlug\":\"full\",\"linkDestination\":\"none\"} -->\n<figure class=\"wp-block-image size-full\"><img src=\"https:\/\/pulsarproperties.es\/wp-content\/uploads\/Pulsar-Logistics-Park.jpg\" alt=\"\" class=\"wp-image-2480\"\/><\/figure>\n<!-- \/wp:image -->\n\n<!-- wp:paragraph -->\n<p><em>Imagen de Pulsar Logistics Park en T\u00f3rtola de Henares, Guadalajara<\/em><\/p>\n<!-- \/wp:paragraph -->\n\n<!-- wp:paragraph -->\n<p><strong>\u00bfParticipan en otras campa\u00f1as de car\u00e1cter social o solidario?<\/strong><\/p>\n<!-- \/wp:paragraph -->\n\n<!-- wp:paragraph -->\n<p><em>\u201cSi, desde el a\u00f1o 2006 trabajamos con nuestra Fundaci\u00f3n Pulsar, que opera en el \u00e1mbito nacional e internacional con un firme prop\u00f3sito:\u00a0ayudar al desarrollo econ\u00f3mico, social y cultural, y a su vez, colaborar en la sostenibilidad\u00a0y en el cuidado del Medio Ambiente.<\/em><\/p>\n<!-- \/wp:paragraph -->\n\n<!-- wp:paragraph -->\n<p><em>Participamos en distintas iniciativas sociales propias y de terceros junto con organizaciones como Unicef, Fundaci\u00f3n Josep Carreras, Escuela de F\u00fatbol de Carabanchel, Fundaci\u00f3n Can\u00e1, Fundaci\u00f3n Ramon Grosso, Musara\u00f1as y muchas otras.\u201d<\/em><\/p>\n<!-- \/wp:paragraph -->\n\n<!-- wp:image {\"id\":2481,\"sizeSlug\":\"full\",\"linkDestination\":\"none\"} -->\n<figure class=\"wp-block-image size-full\"><img src=\"https:\/\/pulsarproperties.es\/wp-content\/uploads\/Imagen-impulsando-la-transformacion-socio-sostenible.png\" alt=\"\" class=\"wp-image-2481\"\/><\/figure>\n<!-- \/wp:image -->\n\n<!-- wp:image {\"id\":2482,\"sizeSlug\":\"full\",\"linkDestination\":\"none\"} -->\n<figure class=\"wp-block-image size-full\"><img src=\"https:\/\/pulsarproperties.es\/wp-content\/uploads\/Reportaje-Nueva-Alcarria-Premios-CEOE-scaled.jpg\" alt=\"\" class=\"wp-image-2482\"\/><\/figure>\n<!-- \/wp:image -->","_et_gb_content_width":"","footnotes":""},"categories":[1],"tags":[],"class_list":["post-2523","post","type-post","status-publish","format-standard","has-post-thumbnail","hentry","category-uncategorized"],"yoast_head":"<!-- This site is optimized with the Yoast SEO plugin v27.4 - https:\/\/yoast.com\/product\/yoast-seo-wordpress\/ -->\n<title>Transformaci\u00f3n SocioSostenible del Territorio, T\u00f3rtola de Henares<\/title>\n<meta name=\"description\" content=\"Presentamos el proyecto de transformaci\u00f3n Socio Sostenible del territorio en Tortola de Henares - en la Feria Logistics &amp; Industrial Build\" \/>\n<meta name=\"robots\" content=\"index, follow, max-snippet:-1, max-image-preview:large, max-video-preview:-1\" \/>\n<link rel=\"canonical\" href=\"https:\/\/pulsarproperties.es\/en\/presentamos-la-transformacion-socio-sostenible-del-territorio-en-tortola-de-henares-en-la-feria-logistics-industrial-build\/\" \/>\n<meta property=\"og:locale\" content=\"en_GB\" \/>\n<meta property=\"og:type\" content=\"article\" \/>\n<meta property=\"og:title\" content=\"Transformaci\u00f3n SocioSostenible del Territorio, T\u00f3rtola de Henares\" \/>\n<meta property=\"og:description\" content=\"Presentamos el proyecto de transformaci\u00f3n Socio Sostenible del territorio en Tortola de Henares - en la Feria Logistics &amp; Industrial Build\" \/>\n<meta property=\"og:url\" content=\"https:\/\/pulsarproperties.es\/en\/presentamos-la-transformacion-socio-sostenible-del-territorio-en-tortola-de-henares-en-la-feria-logistics-industrial-build\/\" \/>\n<meta property=\"og:site_name\" content=\"Pulsar Properties\" \/>\n<meta property=\"article:published_time\" content=\"2024-11-28T15:27:46+00:00\" \/>\n<meta property=\"article:modified_time\" content=\"2024-11-28T15:27:49+00:00\" \/>\n<meta property=\"og:image\" content=\"https:\/\/pulsarproperties.es\/wp-content\/uploads\/Rene-scaled.jpg\" \/>\n\t<meta property=\"og:image:width\" content=\"2560\" \/>\n\t<meta property=\"og:image:height\" content=\"1671\" \/>\n\t<meta property=\"og:image:type\" content=\"image\/jpeg\" \/>\n<meta name=\"author\" content=\"Gustavo Gomez\" \/>\n<meta name=\"twitter:card\" content=\"summary_large_image\" \/>\n<meta name=\"twitter:creator\" content=\"@pulsarpropertie\" \/>\n<meta name=\"twitter:site\" content=\"@pulsarpropertie\" \/>\n<meta name=\"twitter:label1\" content=\"Written by\" \/>\n\t<meta name=\"twitter:data1\" content=\"Gustavo Gomez\" \/>\n\t<meta name=\"twitter:label2\" content=\"Estimated reading time\" \/>\n\t<meta name=\"twitter:data2\" content=\"3 minutes\" \/>\n<script type=\"application\/ld+json\" class=\"yoast-schema-graph\">{\"@context\":\"https:\\\/\\\/schema.org\",\"@graph\":[{\"@type\":\"Article\",\"@id\":\"https:\\\/\\\/pulsarproperties.es\\\/presentamos-la-transformacion-socio-sostenible-del-territorio-en-tortola-de-henares-en-la-feria-logistics-industrial-build\\\/#article\",\"isPartOf\":{\"@id\":\"https:\\\/\\\/pulsarproperties.es\\\/presentamos-la-transformacion-socio-sostenible-del-territorio-en-tortola-de-henares-en-la-feria-logistics-industrial-build\\\/\"},\"author\":{\"name\":\"Gustavo Gomez\",\"@id\":\"https:\\\/\\\/pulsarproperties.es\\\/#\\\/schema\\\/person\\\/8ac0646e6ade813674db9dbefb141fc0\"},\"headline\":\"Presentamos la Transformaci\u00f3n Socio Sostenible del Territorio en T\u00f3rtola de Henares en la feria Logistics &#038; Industrial Build\",\"datePublished\":\"2024-11-28T15:27:46+00:00\",\"dateModified\":\"2024-11-28T15:27:49+00:00\",\"mainEntityOfPage\":{\"@id\":\"https:\\\/\\\/pulsarproperties.es\\\/presentamos-la-transformacion-socio-sostenible-del-territorio-en-tortola-de-henares-en-la-feria-logistics-industrial-build\\\/\"},\"wordCount\":422,\"publisher\":{\"@id\":\"https:\\\/\\\/pulsarproperties.es\\\/#organization\"},\"image\":{\"@id\":\"https:\\\/\\\/pulsarproperties.es\\\/presentamos-la-transformacion-socio-sostenible-del-territorio-en-tortola-de-henares-en-la-feria-logistics-industrial-build\\\/#primaryimage\"},\"thumbnailUrl\":\"https:\\\/\\\/pulsarproperties.es\\\/wp-content\\\/uploads\\\/Rene-scaled.jpg\",\"articleSection\":[\"Uncategorized\"],\"inLanguage\":\"en-GB\"},{\"@type\":\"WebPage\",\"@id\":\"https:\\\/\\\/pulsarproperties.es\\\/presentamos-la-transformacion-socio-sostenible-del-territorio-en-tortola-de-henares-en-la-feria-logistics-industrial-build\\\/\",\"url\":\"https:\\\/\\\/pulsarproperties.es\\\/presentamos-la-transformacion-socio-sostenible-del-territorio-en-tortola-de-henares-en-la-feria-logistics-industrial-build\\\/\",\"name\":\"Transformaci\u00f3n SocioSostenible del Territorio, T\u00f3rtola de Henares\",\"isPartOf\":{\"@id\":\"https:\\\/\\\/pulsarproperties.es\\\/#website\"},\"primaryImageOfPage\":{\"@id\":\"https:\\\/\\\/pulsarproperties.es\\\/presentamos-la-transformacion-socio-sostenible-del-territorio-en-tortola-de-henares-en-la-feria-logistics-industrial-build\\\/#primaryimage\"},\"image\":{\"@id\":\"https:\\\/\\\/pulsarproperties.es\\\/presentamos-la-transformacion-socio-sostenible-del-territorio-en-tortola-de-henares-en-la-feria-logistics-industrial-build\\\/#primaryimage\"},\"thumbnailUrl\":\"https:\\\/\\\/pulsarproperties.es\\\/wp-content\\\/uploads\\\/Rene-scaled.jpg\",\"datePublished\":\"2024-11-28T15:27:46+00:00\",\"dateModified\":\"2024-11-28T15:27:49+00:00\",\"description\":\"Presentamos el proyecto de transformaci\u00f3n Socio Sostenible del territorio en Tortola de Henares - en la Feria Logistics & Industrial Build\",\"breadcrumb\":{\"@id\":\"https:\\\/\\\/pulsarproperties.es\\\/presentamos-la-transformacion-socio-sostenible-del-territorio-en-tortola-de-henares-en-la-feria-logistics-industrial-build\\\/#breadcrumb\"},\"inLanguage\":\"en-GB\",\"potentialAction\":[{\"@type\":\"ReadAction\",\"target\":[\"https:\\\/\\\/pulsarproperties.es\\\/presentamos-la-transformacion-socio-sostenible-del-territorio-en-tortola-de-henares-en-la-feria-logistics-industrial-build\\\/\"]}]},{\"@type\":\"ImageObject\",\"inLanguage\":\"en-GB\",\"@id\":\"https:\\\/\\\/pulsarproperties.es\\\/presentamos-la-transformacion-socio-sostenible-del-territorio-en-tortola-de-henares-en-la-feria-logistics-industrial-build\\\/#primaryimage\",\"url\":\"https:\\\/\\\/pulsarproperties.es\\\/wp-content\\\/uploads\\\/Rene-scaled.jpg\",\"contentUrl\":\"https:\\\/\\\/pulsarproperties.es\\\/wp-content\\\/uploads\\\/Rene-scaled.jpg\",\"width\":2560,\"height\":1671},{\"@type\":\"BreadcrumbList\",\"@id\":\"https:\\\/\\\/pulsarproperties.es\\\/presentamos-la-transformacion-socio-sostenible-del-territorio-en-tortola-de-henares-en-la-feria-logistics-industrial-build\\\/#breadcrumb\",\"itemListElement\":[{\"@type\":\"ListItem\",\"position\":1,\"name\":\"Portada\",\"item\":\"https:\\\/\\\/pulsarproperties.es\\\/\"},{\"@type\":\"ListItem\",\"position\":2,\"name\":\"Presentamos la Transformaci\u00f3n Socio Sostenible del Territorio en T\u00f3rtola de Henares en la feria Logistics &#038; Industrial Build\"}]},{\"@type\":\"WebSite\",\"@id\":\"https:\\\/\\\/pulsarproperties.es\\\/#website\",\"url\":\"https:\\\/\\\/pulsarproperties.es\\\/\",\"name\":\"Pulsar Properties\",\"description\":\"Expertos en infraestructuras log\u00edsticas\",\"publisher\":{\"@id\":\"https:\\\/\\\/pulsarproperties.es\\\/#organization\"},\"alternateName\":\"Pulsar Properties\",\"potentialAction\":[{\"@type\":\"SearchAction\",\"target\":{\"@type\":\"EntryPoint\",\"urlTemplate\":\"https:\\\/\\\/pulsarproperties.es\\\/?s={search_term_string}\"},\"query-input\":{\"@type\":\"PropertyValueSpecification\",\"valueRequired\":true,\"valueName\":\"search_term_string\"}}],\"inLanguage\":\"en-GB\"},{\"@type\":\"Organization\",\"@id\":\"https:\\\/\\\/pulsarproperties.es\\\/#organization\",\"name\":\"Pulsar Properties\",\"alternateName\":\"Pulsar Properties\",\"url\":\"https:\\\/\\\/pulsarproperties.es\\\/\",\"logo\":{\"@type\":\"ImageObject\",\"inLanguage\":\"en-GB\",\"@id\":\"https:\\\/\\\/pulsarproperties.es\\\/#\\\/schema\\\/logo\\\/image\\\/\",\"url\":\"https:\\\/\\\/pulsarproperties.es\\\/wp-content\\\/uploads\\\/pulsar-properties-logo.png\",\"contentUrl\":\"https:\\\/\\\/pulsarproperties.es\\\/wp-content\\\/uploads\\\/pulsar-properties-logo.png\",\"width\":425,\"height\":201,\"caption\":\"Pulsar Properties\"},\"image\":{\"@id\":\"https:\\\/\\\/pulsarproperties.es\\\/#\\\/schema\\\/logo\\\/image\\\/\"},\"sameAs\":[\"https:\\\/\\\/x.com\\\/pulsarpropertie\",\"https:\\\/\\\/www.linkedin.com\\\/company\\\/grupo-pulsar?originalSubdomain=es\"]},{\"@type\":\"Person\",\"@id\":\"https:\\\/\\\/pulsarproperties.es\\\/#\\\/schema\\\/person\\\/8ac0646e6ade813674db9dbefb141fc0\",\"name\":\"Gustavo Gomez\",\"image\":{\"@type\":\"ImageObject\",\"inLanguage\":\"en-GB\",\"@id\":\"https:\\\/\\\/secure.gravatar.com\\\/avatar\\\/ed9c19cd3e0099332323cc3f6481221437a5ad8950be542deec112a9b7734cfd?s=96&d=mm&r=g\",\"url\":\"https:\\\/\\\/secure.gravatar.com\\\/avatar\\\/ed9c19cd3e0099332323cc3f6481221437a5ad8950be542deec112a9b7734cfd?s=96&d=mm&r=g\",\"contentUrl\":\"https:\\\/\\\/secure.gravatar.com\\\/avatar\\\/ed9c19cd3e0099332323cc3f6481221437a5ad8950be542deec112a9b7734cfd?s=96&d=mm&r=g\",\"caption\":\"Gustavo Gomez\"}}]}<\/script>\n<!-- \/ Yoast SEO plugin. -->","yoast_head_json":{"title":"Transformaci\u00f3n SocioSostenible del Territorio, T\u00f3rtola de Henares","description":"Presentamos el proyecto de transformaci\u00f3n Socio Sostenible del territorio en Tortola de Henares - en la Feria Logistics & Industrial Build","robots":{"index":"index","follow":"follow","max-snippet":"max-snippet:-1","max-image-preview":"max-image-preview:large","max-video-preview":"max-video-preview:-1"},"canonical":"https:\/\/pulsarproperties.es\/en\/presentamos-la-transformacion-socio-sostenible-del-territorio-en-tortola-de-henares-en-la-feria-logistics-industrial-build\/","og_locale":"en_GB","og_type":"article","og_title":"Transformaci\u00f3n SocioSostenible del Territorio, T\u00f3rtola de Henares","og_description":"Presentamos el proyecto de transformaci\u00f3n Socio Sostenible del territorio en Tortola de Henares - en la Feria Logistics & Industrial Build","og_url":"https:\/\/pulsarproperties.es\/en\/presentamos-la-transformacion-socio-sostenible-del-territorio-en-tortola-de-henares-en-la-feria-logistics-industrial-build\/","og_site_name":"Pulsar Properties","article_published_time":"2024-11-28T15:27:46+00:00","article_modified_time":"2024-11-28T15:27:49+00:00","og_image":[{"width":2560,"height":1671,"url":"https:\/\/pulsarproperties.es\/wp-content\/uploads\/Rene-scaled.jpg","type":"image\/jpeg"}],"author":"Gustavo Gomez","twitter_card":"summary_large_image","twitter_creator":"@pulsarpropertie","twitter_site":"@pulsarpropertie","twitter_misc":{"Written by":"Gustavo Gomez","Estimated reading time":"3 minutes"},"schema":{"@context":"https:\/\/schema.org","@graph":[{"@type":"Article","@id":"https:\/\/pulsarproperties.es\/presentamos-la-transformacion-socio-sostenible-del-territorio-en-tortola-de-henares-en-la-feria-logistics-industrial-build\/#article","isPartOf":{"@id":"https:\/\/pulsarproperties.es\/presentamos-la-transformacion-socio-sostenible-del-territorio-en-tortola-de-henares-en-la-feria-logistics-industrial-build\/"},"author":{"name":"Gustavo Gomez","@id":"https:\/\/pulsarproperties.es\/#\/schema\/person\/8ac0646e6ade813674db9dbefb141fc0"},"headline":"Presentamos la Transformaci\u00f3n Socio Sostenible del Territorio en T\u00f3rtola de Henares en la feria Logistics &#038; Industrial Build","datePublished":"2024-11-28T15:27:46+00:00","dateModified":"2024-11-28T15:27:49+00:00","mainEntityOfPage":{"@id":"https:\/\/pulsarproperties.es\/presentamos-la-transformacion-socio-sostenible-del-territorio-en-tortola-de-henares-en-la-feria-logistics-industrial-build\/"},"wordCount":422,"publisher":{"@id":"https:\/\/pulsarproperties.es\/#organization"},"image":{"@id":"https:\/\/pulsarproperties.es\/presentamos-la-transformacion-socio-sostenible-del-territorio-en-tortola-de-henares-en-la-feria-logistics-industrial-build\/#primaryimage"},"thumbnailUrl":"https:\/\/pulsarproperties.es\/wp-content\/uploads\/Rene-scaled.jpg","articleSection":["Uncategorized"],"inLanguage":"en-GB"},{"@type":"WebPage","@id":"https:\/\/pulsarproperties.es\/presentamos-la-transformacion-socio-sostenible-del-territorio-en-tortola-de-henares-en-la-feria-logistics-industrial-build\/","url":"https:\/\/pulsarproperties.es\/presentamos-la-transformacion-socio-sostenible-del-territorio-en-tortola-de-henares-en-la-feria-logistics-industrial-build\/","name":"Transformaci\u00f3n SocioSostenible del Territorio, T\u00f3rtola de Henares","isPartOf":{"@id":"https:\/\/pulsarproperties.es\/#website"},"primaryImageOfPage":{"@id":"https:\/\/pulsarproperties.es\/presentamos-la-transformacion-socio-sostenible-del-territorio-en-tortola-de-henares-en-la-feria-logistics-industrial-build\/#primaryimage"},"image":{"@id":"https:\/\/pulsarproperties.es\/presentamos-la-transformacion-socio-sostenible-del-territorio-en-tortola-de-henares-en-la-feria-logistics-industrial-build\/#primaryimage"},"thumbnailUrl":"https:\/\/pulsarproperties.es\/wp-content\/uploads\/Rene-scaled.jpg","datePublished":"2024-11-28T15:27:46+00:00","dateModified":"2024-11-28T15:27:49+00:00","description":"Presentamos el proyecto de transformaci\u00f3n Socio Sostenible del territorio en Tortola de Henares - en la Feria Logistics & Industrial Build","breadcrumb":{"@id":"https:\/\/pulsarproperties.es\/presentamos-la-transformacion-socio-sostenible-del-territorio-en-tortola-de-henares-en-la-feria-logistics-industrial-build\/#breadcrumb"},"inLanguage":"en-GB","potentialAction":[{"@type":"ReadAction","target":["https:\/\/pulsarproperties.es\/presentamos-la-transformacion-socio-sostenible-del-territorio-en-tortola-de-henares-en-la-feria-logistics-industrial-build\/"]}]},{"@type":"ImageObject","inLanguage":"en-GB","@id":"https:\/\/pulsarproperties.es\/presentamos-la-transformacion-socio-sostenible-del-territorio-en-tortola-de-henares-en-la-feria-logistics-industrial-build\/#primaryimage","url":"https:\/\/pulsarproperties.es\/wp-content\/uploads\/Rene-scaled.jpg","contentUrl":"https:\/\/pulsarproperties.es\/wp-content\/uploads\/Rene-scaled.jpg","width":2560,"height":1671},{"@type":"BreadcrumbList","@id":"https:\/\/pulsarproperties.es\/presentamos-la-transformacion-socio-sostenible-del-territorio-en-tortola-de-henares-en-la-feria-logistics-industrial-build\/#breadcrumb","itemListElement":[{"@type":"ListItem","position":1,"name":"Portada","item":"https:\/\/pulsarproperties.es\/"},{"@type":"ListItem","position":2,"name":"Presentamos la Transformaci\u00f3n Socio Sostenible del Territorio en T\u00f3rtola de Henares en la feria Logistics &#038; Industrial Build"}]},{"@type":"WebSite","@id":"https:\/\/pulsarproperties.es\/#website","url":"https:\/\/pulsarproperties.es\/","name":"Pulsar Properties","description":"Expertos en infraestructuras log\u00edsticas","publisher":{"@id":"https:\/\/pulsarproperties.es\/#organization"},"alternateName":"Pulsar Properties","potentialAction":[{"@type":"SearchAction","target":{"@type":"EntryPoint","urlTemplate":"https:\/\/pulsarproperties.es\/?s={search_term_string}"},"query-input":{"@type":"PropertyValueSpecification","valueRequired":true,"valueName":"search_term_string"}}],"inLanguage":"en-GB"},{"@type":"Organization","@id":"https:\/\/pulsarproperties.es\/#organization","name":"Pulsar Properties","alternateName":"Pulsar Properties","url":"https:\/\/pulsarproperties.es\/","logo":{"@type":"ImageObject","inLanguage":"en-GB","@id":"https:\/\/pulsarproperties.es\/#\/schema\/logo\/image\/","url":"https:\/\/pulsarproperties.es\/wp-content\/uploads\/pulsar-properties-logo.png","contentUrl":"https:\/\/pulsarproperties.es\/wp-content\/uploads\/pulsar-properties-logo.png","width":425,"height":201,"caption":"Pulsar Properties"},"image":{"@id":"https:\/\/pulsarproperties.es\/#\/schema\/logo\/image\/"},"sameAs":["https:\/\/x.com\/pulsarpropertie","https:\/\/www.linkedin.com\/company\/grupo-pulsar?originalSubdomain=es"]},{"@type":"Person","@id":"https:\/\/pulsarproperties.es\/#\/schema\/person\/8ac0646e6ade813674db9dbefb141fc0","name":"Gustavo Gomez","image":{"@type":"ImageObject","inLanguage":"en-GB","@id":"https:\/\/secure.gravatar.com\/avatar\/ed9c19cd3e0099332323cc3f6481221437a5ad8950be542deec112a9b7734cfd?s=96&d=mm&r=g","url":"https:\/\/secure.gravatar.com\/avatar\/ed9c19cd3e0099332323cc3f6481221437a5ad8950be542deec112a9b7734cfd?s=96&d=mm&r=g","contentUrl":"https:\/\/secure.gravatar.com\/avatar\/ed9c19cd3e0099332323cc3f6481221437a5ad8950be542deec112a9b7734cfd?s=96&d=mm&r=g","caption":"Gustavo Gomez"}}]}},"_links":{"self":[{"href":"https:\/\/pulsarproperties.es\/en\/wp-json\/wp\/v2\/posts\/2523","targetHints":{"allow":["GET"]}}],"collection":[{"href":"https:\/\/pulsarproperties.es\/en\/wp-json\/wp\/v2\/posts"}],"about":[{"href":"https:\/\/pulsarproperties.es\/en\/wp-json\/wp\/v2\/types\/post"}],"author":[{"embeddable":true,"href":"https:\/\/pulsarproperties.es\/en\/wp-json\/wp\/v2\/users\/2"}],"replies":[{"embeddable":true,"href":"https:\/\/pulsarproperties.es\/en\/wp-json\/wp\/v2\/comments?post=2523"}],"version-history":[{"count":3,"href":"https:\/\/pulsarproperties.es\/en\/wp-json\/wp\/v2\/posts\/2523\/revisions"}],"predecessor-version":[{"id":2531,"href":"https:\/\/pulsarproperties.es\/en\/wp-json\/wp\/v2\/posts\/2523\/revisions\/2531"}],"wp:featuredmedia":[{"embeddable":true,"href":"https:\/\/pulsarproperties.es\/en\/wp-json\/wp\/v2\/media\/2525"}],"wp:attachment":[{"href":"https:\/\/pulsarproperties.es\/en\/wp-json\/wp\/v2\/media?parent=2523"}],"wp:term":[{"taxonomy":"category","embeddable":true,"href":"https:\/\/pulsarproperties.es\/en\/wp-json\/wp\/v2\/categories?post=2523"},{"taxonomy":"post_tag","embeddable":true,"href":"https:\/\/pulsarproperties.es\/en\/wp-json\/wp\/v2\/tags?post=2523"}],"curies":[{"name":"wp","href":"https:\/\/api.w.org\/{rel}","templated":true}]}}