{"id":609,"date":"2022-03-15T10:00:49","date_gmt":"2022-03-15T10:00:49","guid":{"rendered":"https:\/\/pulsarproperties.es\/?p=609"},"modified":"2022-03-31T07:00:52","modified_gmt":"2022-03-31T07:00:52","slug":"pulsar-properties-en-logisticspain","status":"publish","type":"post","link":"https:\/\/pulsarproperties.es\/en\/pulsar-properties-en-logisticspain\/","title":{"rendered":"Pulsar Properties in Logisticspain"},"content":{"rendered":"<div class=\"wp-block-image\"><figure class=\"aligncenter size-full\"><img loading=\"lazy\" decoding=\"async\" width=\"900\" height=\"900\" src=\"https:\/\/pulsarproperties.es\/wp-content\/uploads\/PUBLI_INSTAGRAM_v2.png\" alt=\"Pulsar Properties en LOGISTICSPAIN\" class=\"wp-image-610\" srcset=\"https:\/\/pulsarproperties.es\/wp-content\/uploads\/PUBLI_INSTAGRAM_v2.png 900w, https:\/\/pulsarproperties.es\/wp-content\/uploads\/PUBLI_INSTAGRAM_v2-480x480.png 480w\" sizes=\"auto, (min-width: 0px) and (max-width: 480px) 480px, (min-width: 481px) 900px, 100vw\" \/><figcaption>Pulsar Properties in Logisticspain<\/figcaption><\/figure><\/div>\n\n\n\n<p>Pulsar Properties will participate in the Logistics Spain international fair, promoted by Impulsa Guadalajara and made up of CEOE-CEPYME Guadalajara, the Guadalajara City Council, the Guadalajara Provincial Council, the Castilla-La Mancha Community Board, the CCOO and the UGT, the next April 5, 6 and 7, in the multipurpose pavilion of Guadalajara. Large companies related to the logistics and transport sector will attend there, thus turning the city into the epicenter of logistics and transport at a national and international level.&nbsp;<\/p>\n\n\n\n<p>The participating companies represent sectors such as real estate logistics, land transport, industrial vehicles, auxiliary services, logistics operators, industrial solutions or intralogistics and storage, among others.&nbsp;<\/p>\n\n\n\n<p>The event will provide first-hand information about the latest exhibitors and, in addition, Logistics Spain will have a parallel agenda where eight round tables and several presentations will be held, all broadcast live via streaming, related to topics as diverse as logistics 5.0, the supply chain, reverse logistics, as well as the transport crisis, cybersecurity, training or women in the sector:<\/p>\n\n\n\n<p><strong>Round tables\u00a0<\/strong><\/p>\n\n\n\n<ul class=\"wp-block-list\"><li>\"Logistics and transport: an opportunity for territorial economic development\"&nbsp;<\/li><li>\"The challenge of real estate logistics in the face of growing demand\"&nbsp;<\/li><li>\u201cThe transport crisis and its impact on business management\u201d&nbsp;<\/li><li>\u201cThe new challenges of the logistics real estate sector\u201d&nbsp;<\/li><li>\u201cGreen Logistics: the challenges of the future\u201d&nbsp;<\/li><li>\u201cLogistics 5.0: Is the supply chain ready?\u201d&nbsp;<\/li><li>\"The reverse logistics of e-commerce: from the challenge to the opportunity\"&nbsp;<\/li><li>\"The challenges and vision of women in the logistics and transport sector\"&nbsp;<\/li><\/ul>\n\n\n\n<p><strong>Presentations\u00a0<\/strong><\/p>\n\n\n\n<ul class=\"wp-block-list\"><li>\u201c3D technology and virtual reality applied to the logistics and transport sector\u201d&nbsp;<\/li><li>\u201cLogistics and transport: third sector most affected by cyberattacks. How to protect ourselves?\u201d&nbsp;<\/li><li>\u201cInnovative solutions: DSV and Fulfilment Factory technology for warehouses\"&nbsp;<\/li><li>\"FP Dual: the response to the needs of the logistics sector\"&nbsp;<\/li><\/ul>\n\n\n\n<p>The activities will conclude on Thursday, April 7, with the delivery of the Innovation4Awards, recognitions of six innovative last-mile delivery companies, sustainable urban logistics solutions, Artificial Intelligence, Blockchain and Big Data, data software for processes or the use of drones. for decision-making in the management of logistics assets and that have been selected by a committee of experts.&nbsp;<\/p>\n\n\n\n<p>The Logistics Spain International Fair will be held on April 5 and 6 from 10:00 a.m. to 6:00 p.m. and on April 7 from 10:00 a.m. to 2:00 p.m., in the Palacio Multiusos de&nbsp;<\/p>\n\n\n\n<p>Guadalajara and registration has already been opened, free, through&nbsp;<strong>https:\/\/logisticspain.com\/registrate-gratis\/.&nbsp;<\/strong><\/p>","protected":false},"excerpt":{"rendered":"<p>Pulsar Properties va a participar en la feria internacional Logistics Spain, promovida por Impulsa Guadalajara e integrada por CEOE-CEPYME Guadalajara, el Ayuntamiento de Guadalajara, la Diputaci\u00f3n provincial de Guadalajara, la Junta de Comunidades de Castilla-La Mancha, CCOO y UGT, los pr\u00f3ximos 5, 6 y 7 de abril, en el pabell\u00f3n multiusos de Guadalajara. All\u00ed&nbsp; acudir\u00e1n [&hellip;]<\/p>\n","protected":false},"author":1,"featured_media":611,"comment_status":"closed","ping_status":"open","sticky":false,"template":"","format":"standard","meta":{"_et_pb_use_builder":"","_et_pb_old_content":"","_et_gb_content_width":"","footnotes":""},"categories":[1],"tags":[9,8,10,11],"class_list":["post-609","post","type-post","status-publish","format-standard","has-post-thumbnail","hentry","category-uncategorized","tag-guadalajara","tag-inmologistica","tag-logistica","tag-logisticspain"],"yoast_head":"<!-- This site is optimized with the Yoast SEO plugin v27.4 - https:\/\/yoast.com\/product\/yoast-seo-wordpress\/ -->\n<title>Pulsar Properties en LOGISTICSPAIN - Pulsar Properties<\/title>\n<meta name=\"robots\" content=\"index, follow, max-snippet:-1, max-image-preview:large, max-video-preview:-1\" \/>\n<link rel=\"canonical\" href=\"https:\/\/pulsarproperties.es\/en\/pulsar-properties-en-logisticspain\/\" \/>\n<meta property=\"og:locale\" content=\"en_GB\" \/>\n<meta property=\"og:type\" content=\"article\" \/>\n<meta property=\"og:title\" content=\"Pulsar Properties en LOGISTICSPAIN - Pulsar Properties\" \/>\n<meta property=\"og:description\" content=\"Pulsar Properties va a participar en la feria internacional Logistics Spain, promovida por Impulsa Guadalajara e integrada por CEOE-CEPYME Guadalajara, el Ayuntamiento de Guadalajara, la Diputaci\u00f3n provincial de Guadalajara, la Junta de Comunidades de Castilla-La Mancha, CCOO y UGT, los pr\u00f3ximos 5, 6 y 7 de abril, en el pabell\u00f3n multiusos de Guadalajara. All\u00ed&nbsp; acudir\u00e1n [&hellip;]\" \/>\n<meta property=\"og:url\" content=\"https:\/\/pulsarproperties.es\/en\/pulsar-properties-en-logisticspain\/\" \/>\n<meta property=\"og:site_name\" content=\"Pulsar Properties\" \/>\n<meta property=\"article:published_time\" content=\"2022-03-15T10:00:49+00:00\" \/>\n<meta property=\"article:modified_time\" content=\"2022-03-31T07:00:52+00:00\" \/>\n<meta property=\"og:image\" content=\"https:\/\/pulsarproperties.es\/wp-content\/uploads\/20220315-logisticplan.jpg\" \/>\n\t<meta property=\"og:image:width\" content=\"722\" \/>\n\t<meta property=\"og:image:height\" content=\"455\" \/>\n\t<meta property=\"og:image:type\" content=\"image\/jpeg\" \/>\n<meta name=\"author\" content=\"admin\" \/>\n<meta name=\"twitter:card\" content=\"summary_large_image\" \/>\n<meta name=\"twitter:creator\" content=\"@pulsarpropertie\" \/>\n<meta name=\"twitter:site\" content=\"@pulsarpropertie\" \/>\n<meta name=\"twitter:label1\" content=\"Written by\" \/>\n\t<meta name=\"twitter:data1\" content=\"admin\" \/>\n\t<meta name=\"twitter:label2\" content=\"Estimated reading time\" \/>\n\t<meta name=\"twitter:data2\" content=\"2 minutes\" \/>\n<script type=\"application\/ld+json\" class=\"yoast-schema-graph\">{\"@context\":\"https:\\\/\\\/schema.org\",\"@graph\":[{\"@type\":\"Article\",\"@id\":\"https:\\\/\\\/pulsarproperties.es\\\/pulsar-properties-en-logisticspain\\\/#article\",\"isPartOf\":{\"@id\":\"https:\\\/\\\/pulsarproperties.es\\\/pulsar-properties-en-logisticspain\\\/\"},\"author\":{\"name\":\"admin\",\"@id\":\"https:\\\/\\\/pulsarproperties.es\\\/#\\\/schema\\\/person\\\/30e95e385615434daa7d18dbd605eded\"},\"headline\":\"Pulsar Properties en LOGISTICSPAIN\",\"datePublished\":\"2022-03-15T10:00:49+00:00\",\"dateModified\":\"2022-03-31T07:00:52+00:00\",\"mainEntityOfPage\":{\"@id\":\"https:\\\/\\\/pulsarproperties.es\\\/pulsar-properties-en-logisticspain\\\/\"},\"wordCount\":491,\"publisher\":{\"@id\":\"https:\\\/\\\/pulsarproperties.es\\\/#organization\"},\"image\":{\"@id\":\"https:\\\/\\\/pulsarproperties.es\\\/pulsar-properties-en-logisticspain\\\/#primaryimage\"},\"thumbnailUrl\":\"https:\\\/\\\/pulsarproperties.es\\\/wp-content\\\/uploads\\\/20220315-logisticplan.jpg\",\"keywords\":[\"Guadalajara\",\"inmologistica\",\"Logistica\",\"Logisticspain\"],\"articleSection\":[\"Uncategorized\"],\"inLanguage\":\"en-GB\"},{\"@type\":\"WebPage\",\"@id\":\"https:\\\/\\\/pulsarproperties.es\\\/pulsar-properties-en-logisticspain\\\/\",\"url\":\"https:\\\/\\\/pulsarproperties.es\\\/pulsar-properties-en-logisticspain\\\/\",\"name\":\"Pulsar Properties en LOGISTICSPAIN - Pulsar Properties\",\"isPartOf\":{\"@id\":\"https:\\\/\\\/pulsarproperties.es\\\/#website\"},\"primaryImageOfPage\":{\"@id\":\"https:\\\/\\\/pulsarproperties.es\\\/pulsar-properties-en-logisticspain\\\/#primaryimage\"},\"image\":{\"@id\":\"https:\\\/\\\/pulsarproperties.es\\\/pulsar-properties-en-logisticspain\\\/#primaryimage\"},\"thumbnailUrl\":\"https:\\\/\\\/pulsarproperties.es\\\/wp-content\\\/uploads\\\/20220315-logisticplan.jpg\",\"datePublished\":\"2022-03-15T10:00:49+00:00\",\"dateModified\":\"2022-03-31T07:00:52+00:00\",\"breadcrumb\":{\"@id\":\"https:\\\/\\\/pulsarproperties.es\\\/pulsar-properties-en-logisticspain\\\/#breadcrumb\"},\"inLanguage\":\"en-GB\",\"potentialAction\":[{\"@type\":\"ReadAction\",\"target\":[\"https:\\\/\\\/pulsarproperties.es\\\/pulsar-properties-en-logisticspain\\\/\"]}]},{\"@type\":\"ImageObject\",\"inLanguage\":\"en-GB\",\"@id\":\"https:\\\/\\\/pulsarproperties.es\\\/pulsar-properties-en-logisticspain\\\/#primaryimage\",\"url\":\"https:\\\/\\\/pulsarproperties.es\\\/wp-content\\\/uploads\\\/20220315-logisticplan.jpg\",\"contentUrl\":\"https:\\\/\\\/pulsarproperties.es\\\/wp-content\\\/uploads\\\/20220315-logisticplan.jpg\",\"width\":722,\"height\":455,\"caption\":\"Pulsar Properties en LOGISTICSPAIN\"},{\"@type\":\"BreadcrumbList\",\"@id\":\"https:\\\/\\\/pulsarproperties.es\\\/pulsar-properties-en-logisticspain\\\/#breadcrumb\",\"itemListElement\":[{\"@type\":\"ListItem\",\"position\":1,\"name\":\"Portada\",\"item\":\"https:\\\/\\\/pulsarproperties.es\\\/\"},{\"@type\":\"ListItem\",\"position\":2,\"name\":\"Pulsar Properties en LOGISTICSPAIN\"}]},{\"@type\":\"WebSite\",\"@id\":\"https:\\\/\\\/pulsarproperties.es\\\/#website\",\"url\":\"https:\\\/\\\/pulsarproperties.es\\\/\",\"name\":\"Pulsar Properties\",\"description\":\"Expertos en infraestructuras log\u00edsticas\",\"publisher\":{\"@id\":\"https:\\\/\\\/pulsarproperties.es\\\/#organization\"},\"alternateName\":\"Pulsar Properties\",\"potentialAction\":[{\"@type\":\"SearchAction\",\"target\":{\"@type\":\"EntryPoint\",\"urlTemplate\":\"https:\\\/\\\/pulsarproperties.es\\\/?s={search_term_string}\"},\"query-input\":{\"@type\":\"PropertyValueSpecification\",\"valueRequired\":true,\"valueName\":\"search_term_string\"}}],\"inLanguage\":\"en-GB\"},{\"@type\":\"Organization\",\"@id\":\"https:\\\/\\\/pulsarproperties.es\\\/#organization\",\"name\":\"Pulsar Properties\",\"alternateName\":\"Pulsar Properties\",\"url\":\"https:\\\/\\\/pulsarproperties.es\\\/\",\"logo\":{\"@type\":\"ImageObject\",\"inLanguage\":\"en-GB\",\"@id\":\"https:\\\/\\\/pulsarproperties.es\\\/#\\\/schema\\\/logo\\\/image\\\/\",\"url\":\"https:\\\/\\\/pulsarproperties.es\\\/wp-content\\\/uploads\\\/pulsar-properties-logo.png\",\"contentUrl\":\"https:\\\/\\\/pulsarproperties.es\\\/wp-content\\\/uploads\\\/pulsar-properties-logo.png\",\"width\":425,\"height\":201,\"caption\":\"Pulsar Properties\"},\"image\":{\"@id\":\"https:\\\/\\\/pulsarproperties.es\\\/#\\\/schema\\\/logo\\\/image\\\/\"},\"sameAs\":[\"https:\\\/\\\/x.com\\\/pulsarpropertie\",\"https:\\\/\\\/www.linkedin.com\\\/company\\\/grupo-pulsar?originalSubdomain=es\"]},{\"@type\":\"Person\",\"@id\":\"https:\\\/\\\/pulsarproperties.es\\\/#\\\/schema\\\/person\\\/30e95e385615434daa7d18dbd605eded\",\"name\":\"admin\",\"image\":{\"@type\":\"ImageObject\",\"inLanguage\":\"en-GB\",\"@id\":\"https:\\\/\\\/secure.gravatar.com\\\/avatar\\\/e7ea084a835c07372bc5b5dc34ca52228174aa0f52f23c0dab50ec2ba0c7790c?s=96&d=mm&r=g\",\"url\":\"https:\\\/\\\/secure.gravatar.com\\\/avatar\\\/e7ea084a835c07372bc5b5dc34ca52228174aa0f52f23c0dab50ec2ba0c7790c?s=96&d=mm&r=g\",\"contentUrl\":\"https:\\\/\\\/secure.gravatar.com\\\/avatar\\\/e7ea084a835c07372bc5b5dc34ca52228174aa0f52f23c0dab50ec2ba0c7790c?s=96&d=mm&r=g\",\"caption\":\"admin\"}}]}<\/script>\n<!-- \/ Yoast SEO plugin. -->","yoast_head_json":{"title":"Pulsar Properties en LOGISTICSPAIN - Pulsar Properties","robots":{"index":"index","follow":"follow","max-snippet":"max-snippet:-1","max-image-preview":"max-image-preview:large","max-video-preview":"max-video-preview:-1"},"canonical":"https:\/\/pulsarproperties.es\/en\/pulsar-properties-en-logisticspain\/","og_locale":"en_GB","og_type":"article","og_title":"Pulsar Properties en LOGISTICSPAIN - Pulsar Properties","og_description":"Pulsar Properties va a participar en la feria internacional Logistics Spain, promovida por Impulsa Guadalajara e integrada por CEOE-CEPYME Guadalajara, el Ayuntamiento de Guadalajara, la Diputaci\u00f3n provincial de Guadalajara, la Junta de Comunidades de Castilla-La Mancha, CCOO y UGT, los pr\u00f3ximos 5, 6 y 7 de abril, en el pabell\u00f3n multiusos de Guadalajara. All\u00ed&nbsp; acudir\u00e1n [&hellip;]","og_url":"https:\/\/pulsarproperties.es\/en\/pulsar-properties-en-logisticspain\/","og_site_name":"Pulsar Properties","article_published_time":"2022-03-15T10:00:49+00:00","article_modified_time":"2022-03-31T07:00:52+00:00","og_image":[{"width":722,"height":455,"url":"https:\/\/pulsarproperties.es\/wp-content\/uploads\/20220315-logisticplan.jpg","type":"image\/jpeg"}],"author":"admin","twitter_card":"summary_large_image","twitter_creator":"@pulsarpropertie","twitter_site":"@pulsarpropertie","twitter_misc":{"Written by":"admin","Estimated reading time":"2 minutes"},"schema":{"@context":"https:\/\/schema.org","@graph":[{"@type":"Article","@id":"https:\/\/pulsarproperties.es\/pulsar-properties-en-logisticspain\/#article","isPartOf":{"@id":"https:\/\/pulsarproperties.es\/pulsar-properties-en-logisticspain\/"},"author":{"name":"admin","@id":"https:\/\/pulsarproperties.es\/#\/schema\/person\/30e95e385615434daa7d18dbd605eded"},"headline":"Pulsar Properties en LOGISTICSPAIN","datePublished":"2022-03-15T10:00:49+00:00","dateModified":"2022-03-31T07:00:52+00:00","mainEntityOfPage":{"@id":"https:\/\/pulsarproperties.es\/pulsar-properties-en-logisticspain\/"},"wordCount":491,"publisher":{"@id":"https:\/\/pulsarproperties.es\/#organization"},"image":{"@id":"https:\/\/pulsarproperties.es\/pulsar-properties-en-logisticspain\/#primaryimage"},"thumbnailUrl":"https:\/\/pulsarproperties.es\/wp-content\/uploads\/20220315-logisticplan.jpg","keywords":["Guadalajara","inmologistica","Logistica","Logisticspain"],"articleSection":["Uncategorized"],"inLanguage":"en-GB"},{"@type":"WebPage","@id":"https:\/\/pulsarproperties.es\/pulsar-properties-en-logisticspain\/","url":"https:\/\/pulsarproperties.es\/pulsar-properties-en-logisticspain\/","name":"Pulsar Properties en LOGISTICSPAIN - Pulsar Properties","isPartOf":{"@id":"https:\/\/pulsarproperties.es\/#website"},"primaryImageOfPage":{"@id":"https:\/\/pulsarproperties.es\/pulsar-properties-en-logisticspain\/#primaryimage"},"image":{"@id":"https:\/\/pulsarproperties.es\/pulsar-properties-en-logisticspain\/#primaryimage"},"thumbnailUrl":"https:\/\/pulsarproperties.es\/wp-content\/uploads\/20220315-logisticplan.jpg","datePublished":"2022-03-15T10:00:49+00:00","dateModified":"2022-03-31T07:00:52+00:00","breadcrumb":{"@id":"https:\/\/pulsarproperties.es\/pulsar-properties-en-logisticspain\/#breadcrumb"},"inLanguage":"en-GB","potentialAction":[{"@type":"ReadAction","target":["https:\/\/pulsarproperties.es\/pulsar-properties-en-logisticspain\/"]}]},{"@type":"ImageObject","inLanguage":"en-GB","@id":"https:\/\/pulsarproperties.es\/pulsar-properties-en-logisticspain\/#primaryimage","url":"https:\/\/pulsarproperties.es\/wp-content\/uploads\/20220315-logisticplan.jpg","contentUrl":"https:\/\/pulsarproperties.es\/wp-content\/uploads\/20220315-logisticplan.jpg","width":722,"height":455,"caption":"Pulsar Properties en LOGISTICSPAIN"},{"@type":"BreadcrumbList","@id":"https:\/\/pulsarproperties.es\/pulsar-properties-en-logisticspain\/#breadcrumb","itemListElement":[{"@type":"ListItem","position":1,"name":"Portada","item":"https:\/\/pulsarproperties.es\/"},{"@type":"ListItem","position":2,"name":"Pulsar Properties en LOGISTICSPAIN"}]},{"@type":"WebSite","@id":"https:\/\/pulsarproperties.es\/#website","url":"https:\/\/pulsarproperties.es\/","name":"Pulsar Properties","description":"Expertos en infraestructuras log\u00edsticas","publisher":{"@id":"https:\/\/pulsarproperties.es\/#organization"},"alternateName":"Pulsar Properties","potentialAction":[{"@type":"SearchAction","target":{"@type":"EntryPoint","urlTemplate":"https:\/\/pulsarproperties.es\/?s={search_term_string}"},"query-input":{"@type":"PropertyValueSpecification","valueRequired":true,"valueName":"search_term_string"}}],"inLanguage":"en-GB"},{"@type":"Organization","@id":"https:\/\/pulsarproperties.es\/#organization","name":"Pulsar Properties","alternateName":"Pulsar Properties","url":"https:\/\/pulsarproperties.es\/","logo":{"@type":"ImageObject","inLanguage":"en-GB","@id":"https:\/\/pulsarproperties.es\/#\/schema\/logo\/image\/","url":"https:\/\/pulsarproperties.es\/wp-content\/uploads\/pulsar-properties-logo.png","contentUrl":"https:\/\/pulsarproperties.es\/wp-content\/uploads\/pulsar-properties-logo.png","width":425,"height":201,"caption":"Pulsar Properties"},"image":{"@id":"https:\/\/pulsarproperties.es\/#\/schema\/logo\/image\/"},"sameAs":["https:\/\/x.com\/pulsarpropertie","https:\/\/www.linkedin.com\/company\/grupo-pulsar?originalSubdomain=es"]},{"@type":"Person","@id":"https:\/\/pulsarproperties.es\/#\/schema\/person\/30e95e385615434daa7d18dbd605eded","name":"admin","image":{"@type":"ImageObject","inLanguage":"en-GB","@id":"https:\/\/secure.gravatar.com\/avatar\/e7ea084a835c07372bc5b5dc34ca52228174aa0f52f23c0dab50ec2ba0c7790c?s=96&d=mm&r=g","url":"https:\/\/secure.gravatar.com\/avatar\/e7ea084a835c07372bc5b5dc34ca52228174aa0f52f23c0dab50ec2ba0c7790c?s=96&d=mm&r=g","contentUrl":"https:\/\/secure.gravatar.com\/avatar\/e7ea084a835c07372bc5b5dc34ca52228174aa0f52f23c0dab50ec2ba0c7790c?s=96&d=mm&r=g","caption":"admin"}}]}},"_links":{"self":[{"href":"https:\/\/pulsarproperties.es\/en\/wp-json\/wp\/v2\/posts\/609","targetHints":{"allow":["GET"]}}],"collection":[{"href":"https:\/\/pulsarproperties.es\/en\/wp-json\/wp\/v2\/posts"}],"about":[{"href":"https:\/\/pulsarproperties.es\/en\/wp-json\/wp\/v2\/types\/post"}],"author":[{"embeddable":true,"href":"https:\/\/pulsarproperties.es\/en\/wp-json\/wp\/v2\/users\/1"}],"replies":[{"embeddable":true,"href":"https:\/\/pulsarproperties.es\/en\/wp-json\/wp\/v2\/comments?post=609"}],"version-history":[{"count":0,"href":"https:\/\/pulsarproperties.es\/en\/wp-json\/wp\/v2\/posts\/609\/revisions"}],"wp:featuredmedia":[{"embeddable":true,"href":"https:\/\/pulsarproperties.es\/en\/wp-json\/wp\/v2\/media\/611"}],"wp:attachment":[{"href":"https:\/\/pulsarproperties.es\/en\/wp-json\/wp\/v2\/media?parent=609"}],"wp:term":[{"taxonomy":"category","embeddable":true,"href":"https:\/\/pulsarproperties.es\/en\/wp-json\/wp\/v2\/categories?post=609"},{"taxonomy":"post_tag","embeddable":true,"href":"https:\/\/pulsarproperties.es\/en\/wp-json\/wp\/v2\/tags?post=609"}],"curies":[{"name":"wp","href":"https:\/\/api.w.org\/{rel}","templated":true}]}}